{"id":401,"date":"2025-11-27T06:35:08","date_gmt":"2025-11-27T06:35:08","guid":{"rendered":"https:\/\/mincool.org\/?p=401"},"modified":"2026-01-12T07:49:37","modified_gmt":"2026-01-12T07:49:37","slug":"collection8","status":"publish","type":"post","link":"https:\/\/mincool.org\/pl\/collection8\/","title":{"rendered":"Ameryka - kolekcja kamieni polerowanych"},"content":{"rendered":"<h2 class=\"wp-block-heading has-text-align-center\">Ameryka <br>kolekcja kamieni polerowanych<\/h2>\n\n\n\n<p>Do\u0142\u0105cz do nas, aby rzuci\u0107 okiem na niesamowite bogactwo minera\u0142\u00f3w, kt\u00f3re kryje rozleg\u0142y kontynent ameryka\u0144ski. Nasza kolekcja t\u0142uczonych kamieni przedstawia rzadkie kamienie z r\u00f3\u017cnych cz\u0119\u015bci Ameryki, od pot\u0119\u017cnych g\u00f3r po g\u0142\u0119bokie lasy.<\/p>\n\n\n\n<figure class=\"wp-block-image size-large\"><img loading=\"lazy\" decoding=\"async\" width=\"1024\" height=\"878\" src=\"https:\/\/mincool.org\/wp-content\/uploads\/2025\/08\/Amerika_kolaz-1024x878.jpg\" alt=\"\" class=\"wp-image-448\" srcset=\"https:\/\/mincool.org\/wp-content\/uploads\/2025\/08\/Amerika_kolaz-1024x878.jpg 1024w, https:\/\/mincool.org\/wp-content\/uploads\/2025\/08\/Amerika_kolaz-300x257.jpg 300w, https:\/\/mincool.org\/wp-content\/uploads\/2025\/08\/Amerika_kolaz-768x658.jpg 768w, https:\/\/mincool.org\/wp-content\/uploads\/2025\/08\/Amerika_kolaz-1536x1317.jpg 1536w, https:\/\/mincool.org\/wp-content\/uploads\/2025\/08\/Amerika_kolaz-2048x1756.jpg 2048w, https:\/\/mincool.org\/wp-content\/uploads\/2025\/08\/Amerika_kolaz-14x12.jpg 14w\" sizes=\"auto, (max-width: 1024px) 100vw, 1024px\" \/><\/figure>\n\n\n\n<div class=\"wp-block-media-text alignwide is-stacked-on-mobile\" style=\"grid-template-columns:16% auto\"><figure class=\"wp-block-media-text__media\"><img loading=\"lazy\" decoding=\"async\" width=\"1024\" height=\"755\" src=\"https:\/\/mincool.org\/wp-content\/uploads\/2025\/08\/Jumbo_Kristal-1024x755.jpg\" alt=\"\" class=\"wp-image-449 size-full\" srcset=\"https:\/\/mincool.org\/wp-content\/uploads\/2025\/08\/Jumbo_Kristal-1024x755.jpg 1024w, https:\/\/mincool.org\/wp-content\/uploads\/2025\/08\/Jumbo_Kristal-300x221.jpg 300w, https:\/\/mincool.org\/wp-content\/uploads\/2025\/08\/Jumbo_Kristal-768x566.jpg 768w, https:\/\/mincool.org\/wp-content\/uploads\/2025\/08\/Jumbo_Kristal-16x12.jpg 16w, https:\/\/mincool.org\/wp-content\/uploads\/2025\/08\/Jumbo_Kristal.jpg 1393w\" sizes=\"auto, (max-width: 1024px) 100vw, 1024px\" \/><\/figure><div class=\"wp-block-media-text__content\">\n<p><strong>KRYSZTA\u0141 G\u00d3RSKI (Brazylia)<\/strong><\/p>\n\n\n\n<ul class=\"wp-block-list\">\n<li style=\"line-height:1.3\"><strong>Charakterystyka:<\/strong> Crystal to przezroczysta i bezbarwna odmiana kwarcu, kt\u00f3ra stanowi jedn\u0105 z najczystszych form krzemionki. Wyr\u00f3\u017cnia si\u0119 szklistym po\u0142yskiem, wysok\u0105 twardo\u015bci\u0105 (stopie\u0144 7 w skali Mohsa) i wyj\u0105tkow\u0105 trwa\u0142o\u015bci\u0105. Ze wzgl\u0119du na swoje w\u0142a\u015bciwo\u015bci piezoelektryczne ma szeroki zakres zastosowa\u0144 w wielu dziedzinach przemys\u0142u i jubilerstwa.<\/li>\n\n\n\n<li style=\"line-height:1.3\"><strong>Pochodzenie:<\/strong> Powstaje w wyniku d\u0142ugotrwa\u0142ej krystalizacji krzemu z gor\u0105cych roztwor\u00f3w wodnych wewn\u0105trz wn\u0119k skalnych, cz\u0119sto w tak zwanych \u017cy\u0142ach hydrotermalnych. Kryszta\u0142y mog\u0105 rosn\u0105\u0107 przez miliony lat.<\/li>\n\n\n\n<li style=\"line-height:1.3\"><strong>Wyst\u0119powanie:<\/strong> Wa\u017cne z\u0142o\u017ca obejmuj\u0105 Brazyli\u0119, Alpy (zw\u0142aszcza Szwajcari\u0119) i Stany Zjednoczone. W Czechach wyst\u0119puje na przyk\u0142ad na Morawach, a konkretnie w miejscowo\u015bci Vyso\u010dina. Rzadkie du\u017ce kryszta\u0142y pochodz\u0105 z Madagaskaru. Kamie\u0144 ten pochodzi ze stanu Minas Gerais w Brazylii.<\/li>\n<\/ul>\n<\/div><\/div>\n\n\n\n<div class=\"wp-block-media-text alignwide is-stacked-on-mobile\" style=\"grid-template-columns:16% auto\"><figure class=\"wp-block-media-text__media\"><img loading=\"lazy\" decoding=\"async\" width=\"932\" height=\"689\" src=\"https:\/\/mincool.org\/wp-content\/uploads\/2025\/08\/Amerika_troml_Ametyst.jpg\" alt=\"\" class=\"wp-image-450 size-full\" srcset=\"https:\/\/mincool.org\/wp-content\/uploads\/2025\/08\/Amerika_troml_Ametyst.jpg 932w, https:\/\/mincool.org\/wp-content\/uploads\/2025\/08\/Amerika_troml_Ametyst-300x222.jpg 300w, https:\/\/mincool.org\/wp-content\/uploads\/2025\/08\/Amerika_troml_Ametyst-768x568.jpg 768w, https:\/\/mincool.org\/wp-content\/uploads\/2025\/08\/Amerika_troml_Ametyst-16x12.jpg 16w\" sizes=\"auto, (max-width: 932px) 100vw, 932px\" \/><\/figure><div class=\"wp-block-media-text__content\">\n<p><strong>AMETYST (Brazylia)<\/strong><\/p>\n\n\n\n<ul class=\"wp-block-list\">\n<li style=\"line-height:1.3\"><strong>Charakterystyka:<\/strong> Ametyst to fioletowa odmiana kwarcu. Sw\u00f3j kolor zawdzi\u0119cza zawarto\u015bci \u017celaza i dzia\u0142aniu naturalnej radioaktywno\u015bci. Jest to ceniony kamie\u0144 szlachetny, kt\u00f3ry by\u0142 popularny w czasach staro\u017cytnych. Jego odcienie wahaj\u0105 si\u0119 od delikatnego jasnego fioletu do g\u0142\u0119bokiej ciemno\u015bci.<\/li>\n\n\n\n<li style=\"line-height:1.3\"><strong>Pochodzenie:<\/strong> Ametyst krystalizuje z gor\u0105cych roztwor\u00f3w, kt\u00f3re penetruj\u0105 wn\u0119ki skalne, zw\u0142aszcza w \u015brodowiskach wulkanicznych. Cz\u0119sto tworz\u0105 kryszta\u0142y na \u015bcianach wn\u0119k - tak zwane geody ametystowe.<\/li>\n\n\n\n<li style=\"line-height:1.3\"><strong>Wyst\u0119powanie:<\/strong> Najwa\u017cniejsze z\u0142o\u017ca obejmuj\u0105 Brazyli\u0119 (region Rio Grande), Urugwaj, Rosj\u0119 (Ural), S\u0142owacj\u0119 (Stiavnica) i Czechy (Rudawy). Nasz kamie\u0144 pochodzi z kopalni w pobli\u017cu miasta Marab\u00e1 w brazylijskim stanie Par\u00e1.<\/li>\n<\/ul>\n<\/div><\/div>\n\n\n\n<div class=\"wp-block-media-text alignwide is-stacked-on-mobile\" style=\"grid-template-columns:16% auto\"><figure class=\"wp-block-media-text__media\"><img loading=\"lazy\" decoding=\"async\" width=\"1024\" height=\"768\" src=\"https:\/\/mincool.org\/wp-content\/uploads\/2025\/08\/Amerika_Zahneda-1024x768.jpg\" alt=\"\" class=\"wp-image-451 size-full\" srcset=\"https:\/\/mincool.org\/wp-content\/uploads\/2025\/08\/Amerika_Zahneda-1024x768.jpg 1024w, https:\/\/mincool.org\/wp-content\/uploads\/2025\/08\/Amerika_Zahneda-300x225.jpg 300w, https:\/\/mincool.org\/wp-content\/uploads\/2025\/08\/Amerika_Zahneda-768x576.jpg 768w, https:\/\/mincool.org\/wp-content\/uploads\/2025\/08\/Amerika_Zahneda-1536x1152.jpg 1536w, https:\/\/mincool.org\/wp-content\/uploads\/2025\/08\/Amerika_Zahneda-16x12.jpg 16w, https:\/\/mincool.org\/wp-content\/uploads\/2025\/08\/Amerika_Zahneda.jpg 2012w\" sizes=\"auto, (max-width: 1024px) 100vw, 1024px\" \/><\/figure><div class=\"wp-block-media-text__content\">\n<p><strong>KWARC DYMKOWY (Brazylia)<\/strong><\/p>\n\n\n\n<ul class=\"wp-block-list\">\n<li style=\"line-height:1.3\"><strong>Charakterystyka:<\/strong> Zahneda to odmiana kwarcu o barwie od dymnego br\u0105zu do czerni. Jego zabarwienie jest spowodowane jonami glinu Al3+ w sieci krystalicznej, kt\u00f3re zmieniaj\u0105 kolor oryginalnego kamienia poprzez p\u00f3\u017aniejsze naturalne napromieniowanie. Intensywno\u015b\u0107 koloru zale\u017cy od ilo\u015bci tych jon\u00f3w w sieci krystalicznej. Ogrzewanie mo\u017ce spowodowa\u0107 rozja\u015bnienie lub zmian\u0119 koloru kamienia na cytrynowy.<\/li>\n\n\n\n<li style=\"line-height:1.3\"><strong>Pochodzenie:<\/strong> Kamie\u0144 ten powstaje w pegmatytach, \u017cy\u0142ach alpejskich i zmetamorfizowanych ska\u0142ach podczas krystalizacji kwarcu. Br\u0105zowe zabarwienie pierwotnie przezroczystego kryszta\u0142u jest spowodowane naturalnym promieniowaniem radioaktywnym otaczaj\u0105cych minera\u0142\u00f3w dzia\u0142aj\u0105cym na atomy glinu obecne w sieci krystalicznej.<\/li>\n\n\n\n<li style=\"line-height:1.3\"><strong>Wyst\u0119powanie: <\/strong>G\u0142\u00f3wne z\u0142o\u017ca imbiru znajduj\u0105 si\u0119 w Brazylii, Alpach i na Uralu, ale tak\u017ce w Czechach. Du\u017ca cz\u0119\u015b\u0107 imbiru z Brazylii na rynku komercyjnym to w rzeczywisto\u015bci sztucznie napromieniowane kryszta\u0142y. Nasz kamie\u0144 pochodzi z Minas Gerais w Brazylii i nie zosta\u0142 sztucznie napromieniowany.<\/li>\n<\/ul>\n<\/div><\/div>\n\n\n\n<div class=\"wp-block-media-text alignwide is-stacked-on-mobile\" style=\"grid-template-columns:16% auto\"><figure class=\"wp-block-media-text__media\"><img loading=\"lazy\" decoding=\"async\" width=\"1024\" height=\"768\" src=\"https:\/\/mincool.org\/wp-content\/uploads\/2025\/08\/Amerika_Granat-1024x768.jpg\" alt=\"\" class=\"wp-image-452 size-full\" srcset=\"https:\/\/mincool.org\/wp-content\/uploads\/2025\/08\/Amerika_Granat-1024x768.jpg 1024w, https:\/\/mincool.org\/wp-content\/uploads\/2025\/08\/Amerika_Granat-300x225.jpg 300w, https:\/\/mincool.org\/wp-content\/uploads\/2025\/08\/Amerika_Granat-768x576.jpg 768w, https:\/\/mincool.org\/wp-content\/uploads\/2025\/08\/Amerika_Granat-1536x1153.jpg 1536w, https:\/\/mincool.org\/wp-content\/uploads\/2025\/08\/Amerika_Granat-16x12.jpg 16w, https:\/\/mincool.org\/wp-content\/uploads\/2025\/08\/Amerika_Granat.jpg 1715w\" sizes=\"auto, (max-width: 1024px) 100vw, 1024px\" \/><\/figure><div class=\"wp-block-media-text__content\">\n<p><strong>GRANAT (Brazylia)<\/strong><\/p>\n\n\n\n<ul class=\"wp-block-list\">\n<li style=\"line-height:1.3\"><strong>Charakterystyka:<\/strong> Granat reprezentuje ca\u0142\u0105 grup\u0119 minera\u0142\u00f3w, kt\u00f3rych kolory mog\u0105 by\u0107 bardzo zr\u00f3\u017cnicowane. Poszczeg\u00f3lne rodzaje r\u00f3\u017cni\u0105 si\u0119 g\u0142\u00f3wnie sk\u0142adem chemicznym. W zale\u017cno\u015bci od reprezentacji poszczeg\u00f3lnych pierwiastk\u00f3w, powstaje szereg kolor\u00f3w, kt\u00f3re mieszaj\u0105 si\u0119 ze sob\u0105. Na przyk\u0142ad mo\u017cna wyr\u00f3\u017cni\u0107 czerwony almandyn, pomara\u0144czowy spessartyn, zielony uvarovit i inne kolorowe gatunki. Ze wzgl\u0119du na swoj\u0105 twardo\u015b\u0107 granat trafia r\u00f3wnie\u017c do z\u0142\u00f3\u017c aluwialnych i jest wydobywany w celu przetwarzania w przemy\u015ble jubilerskim, takim jak czeski pirop.<\/li>\n\n\n\n<li style=\"line-height:1.3\"><strong>Pochodzenie:<\/strong> Granat krystalizuje podczas metamorfozy ska\u0142 pod wp\u0142ywem wysokiego ci\u015bnienia i temperatury. Powstaje g\u0142\u00f3wnie podczas transformacji ska\u0142 ilastych w ska\u0142y i rojniki. Minera\u0142 ten cz\u0119sto wyst\u0119puje w postaci dobrze rozwini\u0119tych dwunasto\u015bciennych kryszta\u0142\u00f3w.<\/li>\n\n\n\n<li style=\"line-height:1.3\"><strong>Wyst\u0119powanie:<\/strong> Granaty wyst\u0119puj\u0105 g\u0142\u00f3wnie w zmetamorfizowanych ska\u0142ach i pegmatytach na ca\u0142ym \u015bwiecie. Znacz\u0105ce z\u0142o\u017ca znajduj\u0105 si\u0119 w Indiach, Tanzanii, Chinach i Brazylii. Nasz kamie\u0144 pochodzi z kopalni Rodolita w stanie Tocantins w Brazylii.<\/li>\n<\/ul>\n<\/div><\/div>\n\n\n\n<div class=\"wp-block-media-text alignwide is-stacked-on-mobile\" style=\"grid-template-columns:16% auto\"><figure class=\"wp-block-media-text__media\"><img loading=\"lazy\" decoding=\"async\" width=\"1024\" height=\"769\" src=\"https:\/\/mincool.org\/wp-content\/uploads\/2025\/08\/Amerika_Ruzenin-1024x769.jpg\" alt=\"\" class=\"wp-image-453 size-full\" srcset=\"https:\/\/mincool.org\/wp-content\/uploads\/2025\/08\/Amerika_Ruzenin-1024x769.jpg 1024w, https:\/\/mincool.org\/wp-content\/uploads\/2025\/08\/Amerika_Ruzenin-300x225.jpg 300w, https:\/\/mincool.org\/wp-content\/uploads\/2025\/08\/Amerika_Ruzenin-768x576.jpg 768w, https:\/\/mincool.org\/wp-content\/uploads\/2025\/08\/Amerika_Ruzenin-1536x1153.jpg 1536w, https:\/\/mincool.org\/wp-content\/uploads\/2025\/08\/Amerika_Ruzenin-2048x1537.jpg 2048w, https:\/\/mincool.org\/wp-content\/uploads\/2025\/08\/Amerika_Ruzenin-16x12.jpg 16w\" sizes=\"auto, (max-width: 1024px) 100vw, 1024px\" \/><\/figure><div class=\"wp-block-media-text__content\">\n<p><strong>R\u00d3\u017bOWY KWARC (Brazylia)<\/strong><\/p>\n\n\n\n<ul class=\"wp-block-list\">\n<li style=\"line-height:1.3\"><strong>Charakterystyka:<\/strong> Kwarc r\u00f3\u017cowy to odmiana kwarcu o barwie od jasnego do g\u0142\u0119bokiego r\u00f3\u017cu, kt\u00f3ra cz\u0119sto jest mleczna. Cho\u0107 wcze\u015bniej s\u0105dzono, \u017ce za jego kolor odpowiada obecno\u015b\u0107 manganu, najnowsze badania naukowe wykaza\u0142y, \u017ce kolor ten jest w rzeczywisto\u015bci spowodowany drobnymi wtr\u0105ceniami minera\u0142u dumortierytu. Kwarc r\u00f3\u017cowy jest bardzo popularny w jubilerstwie i jako kamie\u0144 dekoracyjny.<\/li>\n\n\n\n<li style=\"line-height:1.3\"><strong>Pochodzenie:<\/strong> Tworzy si\u0119 w wewn\u0119trznych cz\u0119\u015bciach \u017cy\u0142 pegmatytowych, gdzie powoli krystalizuje z roztwor\u00f3w mineralnych. R\u00f3\u017cowy kolor kamienia mo\u017ce stopniowo blakn\u0105\u0107 pod wp\u0142ywem \u015bwiat\u0142a s\u0142onecznego.<\/li>\n\n\n\n<li style=\"line-height:1.3\"><strong>Wyst\u0119powanie:<\/strong> Wi\u0119kszo\u015b\u0107 kwarcu r\u00f3\u017cowego jest wydobywana w Brazylii i na Madagaskarze, ale mo\u017cna go r\u00f3wnie\u017c znale\u017a\u0107 w USA, Indiach i Czechach (np. w Highlands). Ten kamie\u0144 pochodzi z kopalni w stanie Minas Gerais w Brazylii.<\/li>\n<\/ul>\n<\/div><\/div>\n\n\n\n<div class=\"wp-block-media-text alignwide is-stacked-on-mobile\" style=\"grid-template-columns:16% auto\"><figure class=\"wp-block-media-text__media\"><img loading=\"lazy\" decoding=\"async\" width=\"1024\" height=\"767\" src=\"https:\/\/mincool.org\/wp-content\/uploads\/2025\/08\/Amerika_Sopecna_brekcie-1024x767.jpg\" alt=\"\" class=\"wp-image-454 size-full\" srcset=\"https:\/\/mincool.org\/wp-content\/uploads\/2025\/08\/Amerika_Sopecna_brekcie-1024x767.jpg 1024w, https:\/\/mincool.org\/wp-content\/uploads\/2025\/08\/Amerika_Sopecna_brekcie-300x225.jpg 300w, https:\/\/mincool.org\/wp-content\/uploads\/2025\/08\/Amerika_Sopecna_brekcie-768x575.jpg 768w, https:\/\/mincool.org\/wp-content\/uploads\/2025\/08\/Amerika_Sopecna_brekcie-1536x1151.jpg 1536w, https:\/\/mincool.org\/wp-content\/uploads\/2025\/08\/Amerika_Sopecna_brekcie-16x12.jpg 16w, https:\/\/mincool.org\/wp-content\/uploads\/2025\/08\/Amerika_Sopecna_brekcie.jpg 1603w\" sizes=\"auto, (max-width: 1024px) 100vw, 1024px\" \/><\/figure><div class=\"wp-block-media-text__content\">\n<p><strong>BREKCJA WULKANICZNA  (Peru)<\/strong><\/p>\n\n\n\n<ul class=\"wp-block-list\">\n<li style=\"line-height:1.3\"><strong>Charakterystyka:<\/strong> Brekcja wulkaniczna to ska\u0142a sk\u0142adaj\u0105ca si\u0119 z fragment\u00f3w ska\u0142 wulkanicznych wzmocnionych cementem. Mo\u017ce zawiera\u0107 r\u00f3\u017cne kolory i tekstury, cz\u0119sto nadaj\u0105c jej \"dziki\" wygl\u0105d. Ze wzgl\u0119du na sw\u00f3j unikalny wygl\u0105d, jest popularnie wykorzystywana w produkcji bi\u017cuterii i dekoracji.<\/li>\n\n\n\n<li style=\"line-height:1.3\"><strong>Pochodzenie:<\/strong> Ska\u0142a powstaje w wyniku wybuchowej aktywno\u015bci wulkanicznej - erupcja rozrywa ska\u0142\u0119, kt\u00f3ra nast\u0119pnie miesza si\u0119 z popio\u0142em i law\u0105. Pod wp\u0142ywem ci\u015bnienia i ciep\u0142a mieszanina ta stopniowo zestala si\u0119 w lit\u0105 ska\u0142\u0119.<\/li>\n\n\n\n<li style=\"line-height:1.3\"><strong>Wyst\u0119powanie: <\/strong>Brekcje wulkaniczne s\u0105 zwi\u0105zane ze strefami aktywno\u015bci wulkanicznej. Nasz kamie\u0144 pochodzi z Peru.<\/li>\n<\/ul>\n<\/div><\/div>\n\n\n\n<div class=\"wp-block-media-text alignwide is-stacked-on-mobile\" style=\"grid-template-columns:16% auto\"><figure class=\"wp-block-media-text__media\"><img loading=\"lazy\" decoding=\"async\" width=\"805\" height=\"604\" src=\"https:\/\/mincool.org\/wp-content\/uploads\/2025\/08\/Amerika_Kalcit_zluty.jpg\" alt=\"\" class=\"wp-image-455 size-full\" srcset=\"https:\/\/mincool.org\/wp-content\/uploads\/2025\/08\/Amerika_Kalcit_zluty.jpg 805w, https:\/\/mincool.org\/wp-content\/uploads\/2025\/08\/Amerika_Kalcit_zluty-300x225.jpg 300w, https:\/\/mincool.org\/wp-content\/uploads\/2025\/08\/Amerika_Kalcit_zluty-768x576.jpg 768w, https:\/\/mincool.org\/wp-content\/uploads\/2025\/08\/Amerika_Kalcit_zluty-16x12.jpg 16w\" sizes=\"auto, (max-width: 805px) 100vw, 805px\" \/><\/figure><div class=\"wp-block-media-text__content\">\n<p><strong>KALCYT \u017b\u00d3\u0141TY (Meksyk)<\/strong><\/p>\n\n\n\n<ul class=\"wp-block-list\">\n<li style=\"line-height:1.3\"><strong>Charakterystyka:<\/strong> Kalcyt, czyli w\u0119glan wapnia, wyst\u0119puje w wielu odmianach kolorystycznych w zale\u017cno\u015bci od zawarto\u015bci zanieczyszcze\u0144. \u017b\u00f3\u0142to-pomara\u0144czowy kolor, kt\u00f3ry jest wysoko ceniony w kalcycie, wynika z zawarto\u015bci manganu i \u017celaza. Jest to bardzo kruchy i \u0142amliwy kamie\u0144, dlatego te\u017c jest obrabiany wy\u0142\u0105cznie r\u0119cznie.<\/li>\n\n\n\n<li style=\"line-height:1.3\"><strong>Pochodzenie:<\/strong> Powstaje hydrotermalnie w roztworach bogatych w <em>CaCO3<\/em>&nbsp; (kalcyt), kt\u00f3ry osadza si\u0119 jednocze\u015bnie z pierwiastkami takimi jak \u017celazo i mangan.<\/li>\n\n\n\n<li style=\"line-height:1.3\"><strong>Wyst\u0119powanie:<\/strong> Z\u0142o\u017ca ska\u0142 w\u0119glanowych w p\u00f3\u0142nocnym Meksyku s\u0105 \u017ar\u00f3d\u0142em masywnych \u017cy\u0142 \u017c\u00f3\u0142tego kalcytu, kt\u00f3ry jest wydobywany przemys\u0142owo. Podczas wydobycia jest on sortowany wed\u0142ug jako\u015bci, kt\u00f3ra nadaje si\u0119 do przetwarzania. Ten kamie\u0144 zosta\u0142 przetworzony z najwy\u017cszej jako\u015bci surowca.<\/li>\n<\/ul>\n<\/div><\/div>\n\n\n\n<div class=\"wp-block-media-text alignwide is-stacked-on-mobile\" style=\"grid-template-columns:16% auto\"><figure class=\"wp-block-media-text__media\"><img loading=\"lazy\" decoding=\"async\" width=\"1024\" height=\"768\" src=\"https:\/\/mincool.org\/wp-content\/uploads\/2025\/08\/Amerika_Kremen_modry-1024x768.jpg\" alt=\"\" class=\"wp-image-456 size-full\" srcset=\"https:\/\/mincool.org\/wp-content\/uploads\/2025\/08\/Amerika_Kremen_modry-1024x768.jpg 1024w, https:\/\/mincool.org\/wp-content\/uploads\/2025\/08\/Amerika_Kremen_modry-300x225.jpg 300w, https:\/\/mincool.org\/wp-content\/uploads\/2025\/08\/Amerika_Kremen_modry-768x576.jpg 768w, https:\/\/mincool.org\/wp-content\/uploads\/2025\/08\/Amerika_Kremen_modry-1536x1152.jpg 1536w, https:\/\/mincool.org\/wp-content\/uploads\/2025\/08\/Amerika_Kremen_modry-16x12.jpg 16w, https:\/\/mincool.org\/wp-content\/uploads\/2025\/08\/Amerika_Kremen_modry.jpg 1974w\" sizes=\"auto, (max-width: 1024px) 100vw, 1024px\" \/><\/figure><div class=\"wp-block-media-text__content\">\n<p><strong>KWARC NIEBIESKI (Brazylia)<\/strong><\/p>\n\n\n\n<ul class=\"wp-block-list\">\n<li style=\"line-height:1.3\"><strong>Charakterystyka:<\/strong> Niebieski kwarc, czasami nazywany niebieskim awenturynem, jest bardzo interesuj\u0105c\u0105 kolorow\u0105 odmian\u0105 kryptokrystalicznego kwarcu. Sw\u00f3j niebieski kolor zawdzi\u0119cza drobnym kryszta\u0142om minera\u0142u dumortierytu rozproszonym w masie kwarcowej. W zale\u017cno\u015bci od intensywno\u015bci wtr\u0105ce\u0144 dumortierytu, kolor kwarcu zmienia si\u0119 od jasnego do ciemnoniebieskiego.<\/li>\n\n\n\n<li style=\"line-height:1.3\"><strong>Pochodzenie:<\/strong> Powstawanie niebieskiego kwarcu to d\u0142ugotrwa\u0142y proces, kt\u00f3ry zachodzi g\u0142\u0119boko pod powierzchni\u0105 Ziemi. Podczas powolnego ch\u0142odzenia magmy bogatej w zwi\u0105zki krzemu, kwarc ulega krystalizacji. Je\u015bli w otaczaj\u0105cym obszarze wyst\u0119puje podwy\u017cszona zawarto\u015b\u0107 \u017celaza i glinu, w krystalicznej masie kwarcu mog\u0105 tworzy\u0107 si\u0119 wtr\u0105cenia minera\u0142u dumortierytu - powoduj\u0105 one p\u00f3\u017aniejsze niebieskie zabarwienie szaro-bia\u0142ego kwarcu.<\/li>\n\n\n\n<li style=\"line-height:1.3\"><strong>Wyst\u0119powanie:<\/strong> G\u0142\u00f3wne z\u0142o\u017ca niebieskiego kwarcu znajduj\u0105 si\u0119 w stanie Minas Gerais w Brazylii. To w\u0142a\u015bnie stamt\u0105d pochodzi ten kamie\u0144.<\/li>\n<\/ul>\n<\/div><\/div>\n\n\n\n<div class=\"wp-block-media-text alignwide is-stacked-on-mobile\" style=\"grid-template-columns:16% auto\"><figure class=\"wp-block-media-text__media\"><img loading=\"lazy\" decoding=\"async\" width=\"1024\" height=\"768\" src=\"https:\/\/mincool.org\/wp-content\/uploads\/2025\/08\/Amerika_Hematit-1024x768.jpg\" alt=\"\" class=\"wp-image-457 size-full\" srcset=\"https:\/\/mincool.org\/wp-content\/uploads\/2025\/08\/Amerika_Hematit-1024x768.jpg 1024w, https:\/\/mincool.org\/wp-content\/uploads\/2025\/08\/Amerika_Hematit-300x225.jpg 300w, https:\/\/mincool.org\/wp-content\/uploads\/2025\/08\/Amerika_Hematit-768x576.jpg 768w, https:\/\/mincool.org\/wp-content\/uploads\/2025\/08\/Amerika_Hematit-1536x1152.jpg 1536w, https:\/\/mincool.org\/wp-content\/uploads\/2025\/08\/Amerika_Hematit-16x12.jpg 16w, https:\/\/mincool.org\/wp-content\/uploads\/2025\/08\/Amerika_Hematit.jpg 1850w\" sizes=\"auto, (max-width: 1024px) 100vw, 1024px\" \/><\/figure><div class=\"wp-block-media-text__content\">\n<p><strong>HEMATYT (Brazylia)<\/strong><\/p>\n\n\n\n<ul class=\"wp-block-list\">\n<li style=\"line-height:1.3\"><strong>Charakterystyka:<\/strong> Hematyt, czyli tlenek \u017celaza, wyst\u0119puje do\u015b\u0107 obficie w przyrodzie. Najlepszej jako\u015bci kamienie nadaj\u0105 si\u0119 r\u00f3wnie\u017c do wykorzystania w jubilerstwie. Ze wzgl\u0119du na atrakcyjny metaliczny po\u0142ysk, jest on wykorzystywany do produkcji kaboszon\u00f3w i przedmiot\u00f3w dekoracyjnych. Bransoletki i naszyjniki s\u0105 r\u00f3wnie\u017c bardzo popularne, ale do ich produkcji u\u017cywa si\u0119 g\u0142\u00f3wnie kamieni syntetycznych.<\/li>\n\n\n\n<li style=\"line-height:1.3\"><strong>Pochodzenie: <\/strong>Hematyt wyst\u0119puje g\u0142\u00f3wnie w zmetamorfizowanych (zmienionych) pasmowych formacjach \u017celaza. S\u0105 to ska\u0142y warstwowe bogate w \u017celazo i kwarc.<\/li>\n\n\n\n<li style=\"line-height:1.3\"><strong>Wyst\u0119powanie:<\/strong> Znacz\u0105ce z\u0142o\u017ca znajduj\u0105 si\u0119 w Brazylii w stanie Minas Gerais. Tutaj wydobywany jest materia\u0142 o wysokiej zawarto\u015bci \u017celaza (do 65 %), kt\u00f3ry nadaje si\u0119 do wykorzystania w bi\u017cuterii. Nasz kamie\u0144 r\u00f3wnie\u017c pochodzi z tego obszaru.<\/li>\n<\/ul>\n<\/div><\/div>\n\n\n\n<figure class=\"wp-block-image size-large\"><img loading=\"lazy\" decoding=\"async\" width=\"992\" height=\"1024\" src=\"https:\/\/mincool.org\/wp-content\/uploads\/2025\/08\/Amerika_mapa-992x1024.jpg\" alt=\"\" class=\"wp-image-468\" srcset=\"https:\/\/mincool.org\/wp-content\/uploads\/2025\/08\/Amerika_mapa-992x1024.jpg 992w, https:\/\/mincool.org\/wp-content\/uploads\/2025\/08\/Amerika_mapa-291x300.jpg 291w, https:\/\/mincool.org\/wp-content\/uploads\/2025\/08\/Amerika_mapa-768x793.jpg 768w, https:\/\/mincool.org\/wp-content\/uploads\/2025\/08\/Amerika_mapa-1488x1536.jpg 1488w, https:\/\/mincool.org\/wp-content\/uploads\/2025\/08\/Amerika_mapa-1984x2048.jpg 1984w, https:\/\/mincool.org\/wp-content\/uploads\/2025\/08\/Amerika_mapa-12x12.jpg 12w\" sizes=\"auto, (max-width: 992px) 100vw, 992px\" \/><\/figure>","protected":false},"excerpt":{"rendered":"<p>Do\u0142\u0105cz do nas, aby rzuci\u0107 okiem na niesamowite bogactwo minera\u0142\u00f3w, kt\u00f3re kryje rozleg\u0142y kontynent ameryka\u0144ski. Nasza kolekcja t\u0142uczonych kamieni przedstawia rzadkie kamienie z r\u00f3\u017cnych cz\u0119\u015bci Ameryki, od pot\u0119\u017cnych g\u00f3r po g\u0142\u0119bokie lasy.<\/p>","protected":false},"author":1,"featured_media":421,"comment_status":"closed","ping_status":"open","sticky":false,"template":"","format":"standard","meta":{"footnotes":""},"categories":[20],"tags":[],"class_list":["post-401","post","type-post","status-publish","format-standard","has-post-thumbnail","hentry","category-category-2"],"aioseo_notices":[],"_links":{"self":[{"href":"https:\/\/mincool.org\/pl\/wp-json\/wp\/v2\/posts\/401","targetHints":{"allow":["GET"]}}],"collection":[{"href":"https:\/\/mincool.org\/pl\/wp-json\/wp\/v2\/posts"}],"about":[{"href":"https:\/\/mincool.org\/pl\/wp-json\/wp\/v2\/types\/post"}],"author":[{"embeddable":true,"href":"https:\/\/mincool.org\/pl\/wp-json\/wp\/v2\/users\/1"}],"replies":[{"embeddable":true,"href":"https:\/\/mincool.org\/pl\/wp-json\/wp\/v2\/comments?post=401"}],"version-history":[{"count":8,"href":"https:\/\/mincool.org\/pl\/wp-json\/wp\/v2\/posts\/401\/revisions"}],"predecessor-version":[{"id":469,"href":"https:\/\/mincool.org\/pl\/wp-json\/wp\/v2\/posts\/401\/revisions\/469"}],"wp:featuredmedia":[{"embeddable":true,"href":"https:\/\/mincool.org\/pl\/wp-json\/wp\/v2\/media\/421"}],"wp:attachment":[{"href":"https:\/\/mincool.org\/pl\/wp-json\/wp\/v2\/media?parent=401"}],"wp:term":[{"taxonomy":"category","embeddable":true,"href":"https:\/\/mincool.org\/pl\/wp-json\/wp\/v2\/categories?post=401"},{"taxonomy":"post_tag","embeddable":true,"href":"https:\/\/mincool.org\/pl\/wp-json\/wp\/v2\/tags?post=401"}],"curies":[{"name":"wp","href":"https:\/\/api.w.org\/{rel}","templated":true}]}}