{"id":642,"date":"2025-10-29T13:08:41","date_gmt":"2025-10-29T13:08:41","guid":{"rendered":"https:\/\/mincool.org\/?p=642"},"modified":"2026-01-12T09:28:20","modified_gmt":"2026-01-12T09:28:20","slug":"collection10","status":"publish","type":"post","link":"https:\/\/mincool.org\/pl\/collection10\/","title":{"rendered":"Krzemienie - kolekcja surowych kamieni"},"content":{"rendered":"<h2 class=\"wp-block-heading has-text-align-center\">Kwarc <br>kolekcja surowych kamieni<\/h2>\n\n\n\n<p>Ta kolekcjonerska kolekcja stanowi doskona\u0142e wprowadzenie do fascynuj\u0105cego \u015bwiata kwarcu. Obejmuje ona najbardziej znane odmiany, takie jak fioletowy ametyst, \u017cywy cytryn, delikatny kwarc r\u00f3\u017cowy i wiele innych. Odkrywaj\u0105c ich r\u00f3\u017cne kolory i unikalne w\u0142a\u015bciwo\u015bci, zrozumiesz, dlaczego kwarc jest jednym z najcz\u0119\u015bciej u\u017cywanych i uwielbianych minera\u0142\u00f3w na Ziemi.<\/p>\n\n\n\n<figure class=\"wp-block-image size-large\"><img loading=\"lazy\" decoding=\"async\" width=\"1024\" height=\"878\" src=\"https:\/\/mincool.org\/wp-content\/uploads\/2025\/11\/Kremeny_suroviny_kolaz-1024x878.jpg\" alt=\"\" class=\"wp-image-644\" srcset=\"https:\/\/mincool.org\/wp-content\/uploads\/2025\/11\/Kremeny_suroviny_kolaz-1024x878.jpg 1024w, https:\/\/mincool.org\/wp-content\/uploads\/2025\/11\/Kremeny_suroviny_kolaz-300x257.jpg 300w, https:\/\/mincool.org\/wp-content\/uploads\/2025\/11\/Kremeny_suroviny_kolaz-768x658.jpg 768w, https:\/\/mincool.org\/wp-content\/uploads\/2025\/11\/Kremeny_suroviny_kolaz-1536x1317.jpg 1536w, https:\/\/mincool.org\/wp-content\/uploads\/2025\/11\/Kremeny_suroviny_kolaz-2048x1756.jpg 2048w, https:\/\/mincool.org\/wp-content\/uploads\/2025\/11\/Kremeny_suroviny_kolaz-14x12.jpg 14w\" sizes=\"auto, (max-width: 1024px) 100vw, 1024px\" \/><\/figure>\n\n\n\n<div class=\"wp-block-media-text alignwide is-stacked-on-mobile\" style=\"line-height:1.3;grid-template-columns:16% auto\"><figure class=\"wp-block-media-text__media\"><img loading=\"lazy\" decoding=\"async\" width=\"1024\" height=\"791\" src=\"https:\/\/mincool.org\/wp-content\/uploads\/2025\/11\/Kremeny_surovina_kristal-1024x791.jpg\" alt=\"\" class=\"wp-image-645 size-full\" srcset=\"https:\/\/mincool.org\/wp-content\/uploads\/2025\/11\/Kremeny_surovina_kristal-1024x791.jpg 1024w, https:\/\/mincool.org\/wp-content\/uploads\/2025\/11\/Kremeny_surovina_kristal-300x232.jpg 300w, https:\/\/mincool.org\/wp-content\/uploads\/2025\/11\/Kremeny_surovina_kristal-768x593.jpg 768w, https:\/\/mincool.org\/wp-content\/uploads\/2025\/11\/Kremeny_surovina_kristal-1536x1186.jpg 1536w, https:\/\/mincool.org\/wp-content\/uploads\/2025\/11\/Kremeny_surovina_kristal-2048x1582.jpg 2048w, https:\/\/mincool.org\/wp-content\/uploads\/2025\/11\/Kremeny_surovina_kristal-16x12.jpg 16w\" sizes=\"auto, (max-width: 1024px) 100vw, 1024px\" \/><\/figure><div class=\"wp-block-media-text__content\">\n<p><strong>KRYSZTA\u0141 G\u00d3RSKI<\/strong><\/p>\n\n\n\n<ul class=\"wp-block-list\">\n<li><strong>Charakterystyka: <\/strong>Crystal to przezroczysta i bezbarwna odmiana kwarcu, kt\u00f3ra stanowi jedn\u0105 z najczystszych form krzemionki. Wyr\u00f3\u017cnia si\u0119 szklistym po\u0142yskiem, wysok\u0105 twardo\u015bci\u0105 (stopie\u0144 7 w skali Mohsa) i wyj\u0105tkow\u0105 trwa\u0142o\u015bci\u0105. Ze wzgl\u0119du na swoje w\u0142a\u015bciwo\u015bci piezoelektryczne ma szeroki zakres zastosowa\u0144 w wielu dziedzinach przemys\u0142u i jubilerstwa.<\/li>\n\n\n\n<li><strong>Pochodzenie:<\/strong> Powstaje w wyniku d\u0142ugotrwa\u0142ej krystalizacji krzemu z gor\u0105cych roztwor\u00f3w wodnych wewn\u0105trz wn\u0119k skalnych, cz\u0119sto w tak zwanych \u017cy\u0142ach hydrotermalnych. Kryszta\u0142y mog\u0105 rosn\u0105\u0107 przez miliony lat.<\/li>\n\n\n\n<li><strong>Wyst\u0119powanie:<\/strong> Wa\u017cne z\u0142o\u017ca obejmuj\u0105 Brazyli\u0119, Alpy (zw\u0142aszcza Szwajcari\u0119) i Stany Zjednoczone. W Czechach wyst\u0119puje na przyk\u0142ad na Morawach, a konkretnie w miejscowo\u015bci Vyso\u010dina. Rzadkie du\u017ce kryszta\u0142y pochodz\u0105 z Madagaskaru. Kamie\u0144 ten pochodzi ze stanu Minas Gerais w Brazylii.<\/li>\n<\/ul>\n<\/div><\/div>\n\n\n\n<div class=\"wp-block-media-text alignwide is-stacked-on-mobile\" style=\"line-height:1.3;grid-template-columns:16% auto\"><figure class=\"wp-block-media-text__media\"><img loading=\"lazy\" decoding=\"async\" width=\"1024\" height=\"775\" src=\"https:\/\/mincool.org\/wp-content\/uploads\/2025\/11\/Kremeny_sada_surovina_Ruzenin-1024x775.jpg\" alt=\"\" class=\"wp-image-646 size-full\" srcset=\"https:\/\/mincool.org\/wp-content\/uploads\/2025\/11\/Kremeny_sada_surovina_Ruzenin-1024x775.jpg 1024w, https:\/\/mincool.org\/wp-content\/uploads\/2025\/11\/Kremeny_sada_surovina_Ruzenin-300x227.jpg 300w, https:\/\/mincool.org\/wp-content\/uploads\/2025\/11\/Kremeny_sada_surovina_Ruzenin-768x582.jpg 768w, https:\/\/mincool.org\/wp-content\/uploads\/2025\/11\/Kremeny_sada_surovina_Ruzenin-1536x1163.jpg 1536w, https:\/\/mincool.org\/wp-content\/uploads\/2025\/11\/Kremeny_sada_surovina_Ruzenin-2048x1551.jpg 2048w, https:\/\/mincool.org\/wp-content\/uploads\/2025\/11\/Kremeny_sada_surovina_Ruzenin-16x12.jpg 16w\" sizes=\"auto, (max-width: 1024px) 100vw, 1024px\" \/><\/figure><div class=\"wp-block-media-text__content\">\n<p><strong>R\u00d3\u017bOWY KWARC<\/strong><\/p>\n\n\n\n<ul class=\"wp-block-list\">\n<li><strong>Charakterystyka:<\/strong> Kwarc r\u00f3\u017cowy to odmiana kwarcu o barwie od jasnego do g\u0142\u0119bokiego r\u00f3\u017cu, kt\u00f3ra cz\u0119sto jest mleczna. Cho\u0107 wcze\u015bniej s\u0105dzono, \u017ce za jego kolor odpowiada obecno\u015b\u0107 manganu, najnowsze badania naukowe wykaza\u0142y, \u017ce kolor ten jest w rzeczywisto\u015bci spowodowany drobnymi wtr\u0105ceniami minera\u0142u dumortierytu. Kwarc r\u00f3\u017cowy jest bardzo popularny w jubilerstwie i jako kamie\u0144 dekoracyjny.<\/li>\n\n\n\n<li><strong>Pochodzenie:<\/strong> Tworzy si\u0119 w wewn\u0119trznych cz\u0119\u015bciach \u017cy\u0142 pegmatytowych, gdzie powoli krystalizuje z roztwor\u00f3w mineralnych. R\u00f3\u017cowy kolor kamienia mo\u017ce stopniowo blakn\u0105\u0107 pod wp\u0142ywem \u015bwiat\u0142a s\u0142onecznego.<\/li>\n\n\n\n<li><strong>Wyst\u0119powanie:<\/strong> Wi\u0119kszo\u015b\u0107 kwarcu r\u00f3\u017cowego jest wydobywana w Brazylii i na Madagaskarze, ale mo\u017cna go r\u00f3wnie\u017c znale\u017a\u0107 w USA, Indiach i Czechach (np. w Highlands). Kamie\u0144 ten pochodzi z kopalni na granicy Namibii i RPA.<\/li>\n<\/ul>\n<\/div><\/div>\n\n\n\n<div class=\"wp-block-media-text alignwide is-stacked-on-mobile\" style=\"line-height:1.3;grid-template-columns:16% auto\"><figure class=\"wp-block-media-text__media\"><img loading=\"lazy\" decoding=\"async\" width=\"1024\" height=\"768\" src=\"https:\/\/mincool.org\/wp-content\/uploads\/2025\/11\/Kremeny_sada_surovina_Ametyst-1024x768.jpg\" alt=\"\" class=\"wp-image-647 size-full\" srcset=\"https:\/\/mincool.org\/wp-content\/uploads\/2025\/11\/Kremeny_sada_surovina_Ametyst-1024x768.jpg 1024w, https:\/\/mincool.org\/wp-content\/uploads\/2025\/11\/Kremeny_sada_surovina_Ametyst-300x225.jpg 300w, https:\/\/mincool.org\/wp-content\/uploads\/2025\/11\/Kremeny_sada_surovina_Ametyst-768x576.jpg 768w, https:\/\/mincool.org\/wp-content\/uploads\/2025\/11\/Kremeny_sada_surovina_Ametyst-1536x1152.jpg 1536w, https:\/\/mincool.org\/wp-content\/uploads\/2025\/11\/Kremeny_sada_surovina_Ametyst-2048x1536.jpg 2048w, https:\/\/mincool.org\/wp-content\/uploads\/2025\/11\/Kremeny_sada_surovina_Ametyst-16x12.jpg 16w\" sizes=\"auto, (max-width: 1024px) 100vw, 1024px\" \/><\/figure><div class=\"wp-block-media-text__content\">\n<p><strong>AMETYST WARSTWOWY<\/strong><\/p>\n\n\n\n<ul class=\"wp-block-list\">\n<li><strong>Charakterystyka:<\/strong> Ametyst to fioletowa odmiana kwarcu. Sw\u00f3j kolor zawdzi\u0119cza zawarto\u015bci \u017celaza i dzia\u0142aniu naturalnej radioaktywno\u015bci. Jest to ceniony kamie\u0144 szlachetny, kt\u00f3ry by\u0142 popularny w czasach staro\u017cytnych. Jego odcienie wahaj\u0105 si\u0119 od delikatnego jasnego fioletu do g\u0142\u0119bokiej ciemno\u015bci.<\/li>\n\n\n\n<li><strong>Pochodzenie: <\/strong>Ametyst krystalizuje z gor\u0105cych roztwor\u00f3w, kt\u00f3re penetruj\u0105 wn\u0119ki skalne, zw\u0142aszcza w \u015brodowiskach wulkanicznych. Cz\u0119sto tworz\u0105 kryszta\u0142y na \u015bcianach wn\u0119k - tak zwane geody ametystowe.<\/li>\n\n\n\n<li><strong>Wyst\u0119powanie: <\/strong>Najwa\u017cniejsze z\u0142o\u017ca obejmuj\u0105 Brazyli\u0119 (region Rio Grande), Urugwaj, Rosj\u0119 (Ural), S\u0142owacj\u0119 (Stiavnica) i Czechy (Rudawy). Nasz kamie\u0144 pochodzi z kopalni w pobli\u017cu miasta Marab\u00e1 w brazylijskim stanie Par\u00e1.<\/li>\n<\/ul>\n<\/div><\/div>\n\n\n\n<div class=\"wp-block-media-text alignwide is-stacked-on-mobile\" style=\"line-height:1.3;grid-template-columns:16% auto\"><figure class=\"wp-block-media-text__media\"><img loading=\"lazy\" decoding=\"async\" width=\"1024\" height=\"768\" src=\"https:\/\/mincool.org\/wp-content\/uploads\/2025\/11\/Kremeny_sada_surovina_Citrin-1024x768.jpg\" alt=\"\" class=\"wp-image-648 size-full\" srcset=\"https:\/\/mincool.org\/wp-content\/uploads\/2025\/11\/Kremeny_sada_surovina_Citrin-1024x768.jpg 1024w, https:\/\/mincool.org\/wp-content\/uploads\/2025\/11\/Kremeny_sada_surovina_Citrin-300x225.jpg 300w, https:\/\/mincool.org\/wp-content\/uploads\/2025\/11\/Kremeny_sada_surovina_Citrin-768x576.jpg 768w, https:\/\/mincool.org\/wp-content\/uploads\/2025\/11\/Kremeny_sada_surovina_Citrin-1536x1152.jpg 1536w, https:\/\/mincool.org\/wp-content\/uploads\/2025\/11\/Kremeny_sada_surovina_Citrin-2048x1537.jpg 2048w, https:\/\/mincool.org\/wp-content\/uploads\/2025\/11\/Kremeny_sada_surovina_Citrin-16x12.jpg 16w\" sizes=\"auto, (max-width: 1024px) 100vw, 1024px\" \/><\/figure><div class=\"wp-block-media-text__content\">\n<p><strong>CYTRYN<\/strong><\/p>\n\n\n\n<ul class=\"wp-block-list\">\n<li><strong>Charakterystyka:<\/strong> Cytryn jest atrakcyjn\u0105 odmian\u0105 kwarcu, ale surowiec ten jest bardzo rzadki w przyrodzie. Cytryn jest wi\u0119c cz\u0119sto wytwarzany poprzez podgrzewanie ametystu - przemiana \u017celaza w tr\u00f3jwarto\u015bciowe powoduje zmian\u0119 fioletowego koloru na \u017c\u00f3\u0142ty. Cytryny wykonane z wysokiej jako\u015bci brazylijskiego ametystu wyr\u00f3\u017cniaj\u0105 si\u0119 pi\u0119knym z\u0142otym odcieniem \u017c\u00f3\u0142ci, zast\u0119puj\u0105c niedrogie naturalne cytryny.<\/li>\n\n\n\n<li><strong>Pochodzenie:<\/strong> Cytryn wyst\u0119puje naturalnie w pegmatytach lub \u017cy\u0142ach hydrotermalnych. Sw\u00f3j kolor zawdzi\u0119cza \u015bladowym ilo\u015bciom Fe 3+ w sieci krystalicznej. Jednak wi\u0119kszo\u015b\u0107 cytryn\u00f3w dost\u0119pnych na rynku jest modyfikowana przez ogrzewanie lub napromieniowanie.<\/li>\n\n\n\n<li><strong>Wyst\u0119powanie:<\/strong> Wyst\u0119puje g\u0142\u00f3wnie w pegmatytach, np. w Brazylii, Rosji i na Madagaskarze. Nasz kamie\u0144 pochodzi z Brazylii i zosta\u0142 poddany obr\u00f3bce cieplnej.<\/li>\n<\/ul>\n<\/div><\/div>\n\n\n\n<div class=\"wp-block-media-text alignwide is-stacked-on-mobile\" style=\"line-height:1.3;grid-template-columns:16% auto\"><figure class=\"wp-block-media-text__media\"><img loading=\"lazy\" decoding=\"async\" width=\"1024\" height=\"768\" src=\"https:\/\/mincool.org\/wp-content\/uploads\/2025\/11\/Kremeny_suroviny_ametyst_Chevron-1024x768.jpg\" alt=\"\" class=\"wp-image-649 size-full\" srcset=\"https:\/\/mincool.org\/wp-content\/uploads\/2025\/11\/Kremeny_suroviny_ametyst_Chevron-1024x768.jpg 1024w, https:\/\/mincool.org\/wp-content\/uploads\/2025\/11\/Kremeny_suroviny_ametyst_Chevron-300x225.jpg 300w, https:\/\/mincool.org\/wp-content\/uploads\/2025\/11\/Kremeny_suroviny_ametyst_Chevron-768x576.jpg 768w, https:\/\/mincool.org\/wp-content\/uploads\/2025\/11\/Kremeny_suroviny_ametyst_Chevron-16x12.jpg 16w, https:\/\/mincool.org\/wp-content\/uploads\/2025\/11\/Kremeny_suroviny_ametyst_Chevron.jpg 1201w\" sizes=\"auto, (max-width: 1024px) 100vw, 1024px\" \/><\/figure><div class=\"wp-block-media-text__content\">\n<p><strong>AMETYSTOWY SZEWRON<\/strong><\/p>\n\n\n\n<ul class=\"wp-block-list\">\n<li><strong>Charakterystyka: <\/strong>Ametyst chevron to atrakcyjna odmiana ametystu, charakteryzuj\u0105ca si\u0119 charakterystycznymi pr\u0105\u017ckami w kszta\u0142cie litery V. \u0141\u0105czy w sobie fioletowy kolor ametystu z bia\u0142ymi lub szarymi warstwami kwarcu. Ma szklisty po\u0142ysk i jest p\u00f3\u0142przezroczysty lub przezroczysty.<\/li>\n\n\n\n<li><strong>Pochodzenie: <\/strong>Kamie\u0144 ten powstaje w wyniku osadzania si\u0119 roztwor\u00f3w krzemianowych w zag\u0142\u0119bieniach skalnych. Podczas tego procesu osadzanie si\u0119 bogatych w krzemionk\u0119 faz z \u017celazem (ametyst) przeplata si\u0119 z czystszymi fazami mlecznego kwarcu. Pod wp\u0142ywem naturalnego promieniowania fazy bogate w \u017celazo przekszta\u0142caj\u0105 si\u0119 w ametyst i przybieraj\u0105 typowy fioletowy kolor. Regularna przemiana tych faz tworzy nast\u0119pnie charakterystyczne pasma w kszta\u0142cie strza\u0142ki.<\/li>\n\n\n\n<li><strong>Wyst\u0119powanie: <\/strong>Wa\u017cne z\u0142o\u017ca ametystu szewronowego znajduj\u0105 si\u0119 w Brazylii i Zambii, sk\u0105d pochodz\u0105 najlepsze jako\u015bciowo egzemplarze. Inne lokalizacje znajduj\u0105 si\u0119 w Namibii, Indiach, USA i Rosji. Ten kamie\u0144 pochodzi z Zambii.<\/li>\n<\/ul>\n<\/div><\/div>\n\n\n\n<div class=\"wp-block-media-text alignwide is-stacked-on-mobile\" style=\"line-height:1.3;grid-template-columns:16% auto\"><figure class=\"wp-block-media-text__media\"><img loading=\"lazy\" decoding=\"async\" width=\"1024\" height=\"768\" src=\"https:\/\/mincool.org\/wp-content\/uploads\/2025\/11\/Kremeny_sada_surovina_Avanaturin-1024x768.jpg\" alt=\"\" class=\"wp-image-650 size-full\" srcset=\"https:\/\/mincool.org\/wp-content\/uploads\/2025\/11\/Kremeny_sada_surovina_Avanaturin-1024x768.jpg 1024w, https:\/\/mincool.org\/wp-content\/uploads\/2025\/11\/Kremeny_sada_surovina_Avanaturin-300x225.jpg 300w, https:\/\/mincool.org\/wp-content\/uploads\/2025\/11\/Kremeny_sada_surovina_Avanaturin-768x576.jpg 768w, https:\/\/mincool.org\/wp-content\/uploads\/2025\/11\/Kremeny_sada_surovina_Avanaturin-1536x1152.jpg 1536w, https:\/\/mincool.org\/wp-content\/uploads\/2025\/11\/Kremeny_sada_surovina_Avanaturin-2048x1536.jpg 2048w, https:\/\/mincool.org\/wp-content\/uploads\/2025\/11\/Kremeny_sada_surovina_Avanaturin-16x12.jpg 16w\" sizes=\"auto, (max-width: 1024px) 100vw, 1024px\" \/><\/figure><div class=\"wp-block-media-text__content\">\n<p><strong>AWENTURYN<\/strong><\/p>\n\n\n\n<ul class=\"wp-block-list\">\n<li><strong>Charakterystyka:<\/strong> Awenturyn to mieni\u0105ca si\u0119 odmiana drobnoziarnistego kwarcu, kt\u00f3ra wyst\u0119puje w r\u00f3\u017cnych kolorach, od czerwonego, \u017c\u00f3\u0142tego, niebieskiego po zielony i br\u0105zowy. Awenturyn najcz\u0119\u015bciej ma pi\u0119kny zielony odcie\u0144, kt\u00f3ry zawdzi\u0119cza domieszce drobnych p\u0142atk\u00f3w chromowanej miki fuksytu. Kamie\u0144 ten charakteryzuje si\u0119 typowym b\u0142yszcz\u0105cym wygl\u0105dem, tzw. awenturynem.<\/li>\n\n\n\n<li><strong>Pochodzenie:<\/strong> Kamie\u0144 ten powstaje w ska\u0142ach metamorficznych i pegmatytowych, gdzie ma\u0142e cz\u0105steczki minera\u0142\u00f3w przenikaj\u0105 przez kwarc. To w\u0142a\u015bnie te wtr\u0105cenia nadaj\u0105 awenturynowi jego specyficzny kolor i blask.<\/li>\n\n\n\n<li><strong>Wyst\u0119powanie:<\/strong> Wysokiej jako\u015bci awenturyn wydobywany jest g\u0142\u00f3wnie w Indiach, Rosji, Brazylii, a tak\u017ce w Chinach. Ten kamie\u0144 pochodzi z Zimbabwe.<\/li>\n<\/ul>\n<\/div><\/div>\n\n\n\n<div class=\"wp-block-media-text alignwide is-stacked-on-mobile\" style=\"line-height:1.3;grid-template-columns:16% auto\"><figure class=\"wp-block-media-text__media\"><img loading=\"lazy\" decoding=\"async\" width=\"1024\" height=\"761\" src=\"https:\/\/mincool.org\/wp-content\/uploads\/2025\/11\/Kremeny_sada_surovina_Kremen_modry-1024x761.jpg\" alt=\"\" class=\"wp-image-651 size-full\" srcset=\"https:\/\/mincool.org\/wp-content\/uploads\/2025\/11\/Kremeny_sada_surovina_Kremen_modry-1024x761.jpg 1024w, https:\/\/mincool.org\/wp-content\/uploads\/2025\/11\/Kremeny_sada_surovina_Kremen_modry-300x223.jpg 300w, https:\/\/mincool.org\/wp-content\/uploads\/2025\/11\/Kremeny_sada_surovina_Kremen_modry-768x571.jpg 768w, https:\/\/mincool.org\/wp-content\/uploads\/2025\/11\/Kremeny_sada_surovina_Kremen_modry-1536x1142.jpg 1536w, https:\/\/mincool.org\/wp-content\/uploads\/2025\/11\/Kremeny_sada_surovina_Kremen_modry-16x12.jpg 16w, https:\/\/mincool.org\/wp-content\/uploads\/2025\/11\/Kremeny_sada_surovina_Kremen_modry.jpg 1606w\" sizes=\"auto, (max-width: 1024px) 100vw, 1024px\" \/><\/figure><div class=\"wp-block-media-text__content\">\n<p><strong>NIEBIESKI KAMIE\u0143<\/strong><\/p>\n\n\n\n<ul class=\"wp-block-list\">\n<li><strong>Charakterystyka:<\/strong> Niebieski kwarc, czasami nazywany niebieskim awenturynem, jest bardzo interesuj\u0105c\u0105 kolorow\u0105 odmian\u0105 kryptokrystalicznego kwarcu. Sw\u00f3j niebieski kolor zawdzi\u0119cza drobnym kryszta\u0142om minera\u0142u dumortierytu rozproszonym w masie kwarcowej. W zale\u017cno\u015bci od intensywno\u015bci wtr\u0105ce\u0144 dumortierytu, kolor kwarcu zmienia si\u0119 od jasnego do ciemnoniebieskiego.<\/li>\n\n\n\n<li><strong>Pochodzenie:<\/strong> Powstawanie niebieskiego kwarcu to d\u0142ugotrwa\u0142y proces, kt\u00f3ry zachodzi g\u0142\u0119boko pod powierzchni\u0105 Ziemi. Podczas powolnego ch\u0142odzenia magmy bogatej w zwi\u0105zki krzemu, kwarc ulega krystalizacji. Je\u015bli w otaczaj\u0105cym obszarze wyst\u0119puje podwy\u017cszona zawarto\u015b\u0107 \u017celaza i glinu, w krystalicznej masie kwarcu mog\u0105 tworzy\u0107 si\u0119 wtr\u0105cenia minera\u0142u dumortierytu - powoduj\u0105 one p\u00f3\u017aniejsze niebieskie zabarwienie szaro-bia\u0142ego kwarcu.<\/li>\n\n\n\n<li><strong>Wyst\u0119powanie: <\/strong>G\u0142\u00f3wne z\u0142o\u017ca niebieskiego kwarcu znajduj\u0105 si\u0119 w stanie Minas Gerais w Brazylii. To w\u0142a\u015bnie stamt\u0105d pochodzi ten kamie\u0144.<\/li>\n<\/ul>\n<\/div><\/div>\n\n\n\n<div class=\"wp-block-media-text alignwide is-stacked-on-mobile\" style=\"line-height:1.3;grid-template-columns:16% auto\"><figure class=\"wp-block-media-text__media\"><img loading=\"lazy\" decoding=\"async\" width=\"1024\" height=\"768\" src=\"https:\/\/mincool.org\/wp-content\/uploads\/2025\/11\/Kremeny_suroviny_kristal_rutil-1024x768.jpg\" alt=\"\" class=\"wp-image-652 size-full\" srcset=\"https:\/\/mincool.org\/wp-content\/uploads\/2025\/11\/Kremeny_suroviny_kristal_rutil-1024x768.jpg 1024w, https:\/\/mincool.org\/wp-content\/uploads\/2025\/11\/Kremeny_suroviny_kristal_rutil-300x225.jpg 300w, https:\/\/mincool.org\/wp-content\/uploads\/2025\/11\/Kremeny_suroviny_kristal_rutil-768x576.jpg 768w, https:\/\/mincool.org\/wp-content\/uploads\/2025\/11\/Kremeny_suroviny_kristal_rutil-1536x1153.jpg 1536w, https:\/\/mincool.org\/wp-content\/uploads\/2025\/11\/Kremeny_suroviny_kristal_rutil-2048x1537.jpg 2048w, https:\/\/mincool.org\/wp-content\/uploads\/2025\/11\/Kremeny_suroviny_kristal_rutil-16x12.jpg 16w\" sizes=\"auto, (max-width: 1024px) 100vw, 1024px\" \/><\/figure><div class=\"wp-block-media-text__content\">\n<p><strong>KRYSZTA\u0141 G\u00d3RSKI Z RUTYLEM<\/strong><\/p>\n\n\n\n<ul class=\"wp-block-list\">\n<li><strong>Charakterystyka:<\/strong> Kryszta\u0142 z inkluzjami rutylu jest poszukiwanym kamieniem w\u015br\u00f3d kolekcjoner\u00f3w i jubiler\u00f3w. Z\u0142ote kryszta\u0142y rutylu, czasami nazywane w\u0142osami Wenus, mog\u0105 tworzy\u0107 pi\u0119kne kszta\u0142ty gwiazd w krysztale z hematytowym centrum. Je\u015bli kryszta\u0142 jest czysty, cena takich kamieni mo\u017ce osi\u0105gn\u0105\u0107 astronomiczne kwoty.<\/li>\n\n\n\n<li><strong>Pochodzenie:<\/strong> Krystalizacja kwarcu w warunkach naturalnych jest d\u0142ugotrwa\u0142ym procesem geologicznym trwaj\u0105cym miliony lat. Podczas tego procesu zmiany ci\u015bnienia, temperatury lub sk\u0142adu chemicznego \u015brodowiska mog\u0142y przerwa\u0107 wzrost kryszta\u0142\u00f3w i uwolni\u0107 inne minera\u0142y z otaczaj\u0105cych ska\u0142. W tym momencie kwarc m\u00f3g\u0142 uwi\u0119zi\u0107 i otoczy\u0107 fragmenty innych minera\u0142\u00f3w, takich jak rutyl.<\/li>\n\n\n\n<li><strong>Wyst\u0119powanie:<\/strong> G\u0142\u00f3wne z\u0142o\u017ca kryszta\u0142\u00f3w rutylu znajduj\u0105 si\u0119 w Namibii, Zambii i na Madagaskarze, ale najpi\u0119kniejsze kamienie mo\u017cna znale\u017a\u0107 w Brazylii. Ten kamie\u0144 pochodzi ze stanu Minas Gerais w Brazylii.<\/li>\n<\/ul>\n<\/div><\/div>\n\n\n\n<div class=\"wp-block-media-text alignwide is-stacked-on-mobile\" style=\"line-height:1.3;grid-template-columns:16% auto\"><figure class=\"wp-block-media-text__media\"><img loading=\"lazy\" decoding=\"async\" width=\"860\" height=\"666\" src=\"https:\/\/mincool.org\/wp-content\/uploads\/2025\/11\/Kremeny_surovina_zahneda.jpg\" alt=\"\" class=\"wp-image-653 size-full\" srcset=\"https:\/\/mincool.org\/wp-content\/uploads\/2025\/11\/Kremeny_surovina_zahneda.jpg 860w, https:\/\/mincool.org\/wp-content\/uploads\/2025\/11\/Kremeny_surovina_zahneda-300x232.jpg 300w, https:\/\/mincool.org\/wp-content\/uploads\/2025\/11\/Kremeny_surovina_zahneda-768x595.jpg 768w, https:\/\/mincool.org\/wp-content\/uploads\/2025\/11\/Kremeny_surovina_zahneda-15x12.jpg 15w\" sizes=\"auto, (max-width: 860px) 100vw, 860px\" \/><\/figure><div class=\"wp-block-media-text__content\">\n<p><strong>KWARC DYMKOWY<\/strong><\/p>\n\n\n\n<ul class=\"wp-block-list\">\n<li><strong>Charakterystyka:<\/strong> Zahneda to odmiana kwarcu o barwie od dymnego br\u0105zu do czerni. Jego zabarwienie jest spowodowane jonami glinu Al3+ w sieci krystalicznej, kt\u00f3re zmieniaj\u0105 kolor oryginalnego kamienia poprzez p\u00f3\u017aniejsze naturalne napromieniowanie. Intensywno\u015b\u0107 koloru zale\u017cy od ilo\u015bci tych jon\u00f3w w sieci krystalicznej. Ogrzewanie mo\u017ce spowodowa\u0107 rozja\u015bnienie lub zmian\u0119 koloru kamienia na cytrynowy.<\/li>\n\n\n\n<li><strong>Pochodzenie: <\/strong>Kamie\u0144 ten powstaje w pegmatytach, \u017cy\u0142ach alpejskich i zmetamorfizowanych ska\u0142ach podczas krystalizacji kwarcu. Br\u0105zowe zabarwienie pierwotnie przezroczystego kryszta\u0142u jest spowodowane naturalnym promieniowaniem radioaktywnym otaczaj\u0105cych minera\u0142\u00f3w dzia\u0142aj\u0105cym na atomy glinu obecne w sieci krystalicznej.<\/li>\n\n\n\n<li><strong>Wyst\u0119powanie:<\/strong> G\u0142\u00f3wne z\u0142o\u017ca imbiru znajduj\u0105 si\u0119 w Brazylii, Alpach i na Uralu, ale tak\u017ce w Czechach. Du\u017ca cz\u0119\u015b\u0107 imbiru z Brazylii na rynku komercyjnym to w rzeczywisto\u015bci sztucznie napromieniowane kryszta\u0142y. Nasz kamie\u0144 pochodzi z Minas Gerais w Brazylii i nie zosta\u0142 sztucznie napromieniowany.<\/li>\n<\/ul>\n<\/div><\/div>\n\n\n\n<p><\/p>","protected":false},"excerpt":{"rendered":"<p>Ta kolekcjonerska kolekcja stanowi doskona\u0142e wprowadzenie do fascynuj\u0105cego \u015bwiata kwarcu. Obejmuje ona najbardziej znane odmiany, takie jak fioletowy ametyst, \u017cywy cytryn, delikatny kwarc r\u00f3\u017cowy i wiele innych. Odkrywaj\u0105c ich r\u00f3\u017cne kolory i unikalne w\u0142a\u015bciwo\u015bci, zrozumiesz, dlaczego kwarc jest jednym z najcz\u0119\u015bciej u\u017cywanych i uwielbianych minera\u0142\u00f3w na Ziemi.<\/p>","protected":false},"author":1,"featured_media":643,"comment_status":"closed","ping_status":"open","sticky":false,"template":"","format":"standard","meta":{"footnotes":""},"categories":[21],"tags":[],"class_list":["post-642","post","type-post","status-publish","format-standard","has-post-thumbnail","hentry","category-category-3"],"aioseo_notices":[],"_links":{"self":[{"href":"https:\/\/mincool.org\/pl\/wp-json\/wp\/v2\/posts\/642","targetHints":{"allow":["GET"]}}],"collection":[{"href":"https:\/\/mincool.org\/pl\/wp-json\/wp\/v2\/posts"}],"about":[{"href":"https:\/\/mincool.org\/pl\/wp-json\/wp\/v2\/types\/post"}],"author":[{"embeddable":true,"href":"https:\/\/mincool.org\/pl\/wp-json\/wp\/v2\/users\/1"}],"replies":[{"embeddable":true,"href":"https:\/\/mincool.org\/pl\/wp-json\/wp\/v2\/comments?post=642"}],"version-history":[{"count":2,"href":"https:\/\/mincool.org\/pl\/wp-json\/wp\/v2\/posts\/642\/revisions"}],"predecessor-version":[{"id":656,"href":"https:\/\/mincool.org\/pl\/wp-json\/wp\/v2\/posts\/642\/revisions\/656"}],"wp:featuredmedia":[{"embeddable":true,"href":"https:\/\/mincool.org\/pl\/wp-json\/wp\/v2\/media\/643"}],"wp:attachment":[{"href":"https:\/\/mincool.org\/pl\/wp-json\/wp\/v2\/media?parent=642"}],"wp:term":[{"taxonomy":"category","embeddable":true,"href":"https:\/\/mincool.org\/pl\/wp-json\/wp\/v2\/categories?post=642"},{"taxonomy":"post_tag","embeddable":true,"href":"https:\/\/mincool.org\/pl\/wp-json\/wp\/v2\/tags?post=642"}],"curies":[{"name":"wp","href":"https:\/\/api.w.org\/{rel}","templated":true}]}}